{"id":44364,"date":"2025-11-04T09:00:00","date_gmt":"2025-11-04T08:00:00","guid":{"rendered":"https:\/\/personal-finance.bnpparibas\/?p=44364"},"modified":"2026-03-10T08:54:32","modified_gmt":"2026-03-10T07:54:32","slug":"the-cetelem-foundation-is-evolving-its-mission","status":"publish","type":"post","link":"https:\/\/personal-finance.bnpparibas\/en\/the-cetelem-foundation-is-evolving-its-mission\/","title":{"rendered":"The Cetelem Foundation is evolving its mission"},"content":{"rendered":"<div class=\"container\">\n<h2 class=\"wp-block-heading\"><strong>A new era for the Cetelem Foundation<\/strong><\/h2>\n<\/div>\n\n<div class=\"container\">\n<p>At 33 years old, the Cetelem Foundation is opening a new chapter in its history. After several years of action towards digital inclusion, it is now expanding its horizon towards <strong>social inclusion for people in vulnerable situations<\/strong>. A strong repositioning, in line with the most urgent needs of French society.<\/p>\n<\/div>\n\n<div class=\"block quote-with-author\">\n    <div class=\"container\">\n\n        <blockquote class=\"quote-card\">\n            <div class=\"quote-card__media\">\n                <img decoding=\"async\"\n                    src=\"https:\/\/personal-finance.bnpparibas\/app\/themes\/personalfinance-v2\/dist\/images\/cnx-quotes.png\"\n                    alt=\"\"\n                    loading=\"lazy\"\n                    class=\"quote-card__image\">\n            <\/div>\n\n            <div class=\"quote-card__content\">\n                                    <div class=\"quote-card__text\">\n                        <p>Because social intelligence is not optional, but rather the cornerstone of a resilient society, our Foundation supports associations that create positive momentum for people in vulnerable situations. <br \/>\r\nWe stand for an inclusive society, where everyone has a rightful place \u2014 because every link matters!<\/p>\n                    <\/div>\n                                <div class=\"quote-card__author-info\">\n                                            <span class=\"quote-card__author\">Miruna Senciuc<\/span><span class=\"quote-card__separator\">, <\/span>                                                                <span class=\"quote-card__role\">President of the Cetelem Foundation<\/span>\n                                    <\/div>\n            <\/div>\n        <\/blockquote>\n    <\/div>\n<\/div>\n\n<div class=\"container\">\n<div style=\"height:25px\" aria-hidden=\"true\" class=\"wp-block-spacer\"><\/div>\n<\/div>\n\n<div class=\"container\">\n<h2 class=\"wp-block-heading\"><strong>An alarming social context<\/strong><\/h2>\n<\/div>\n\n<div class=\"container\">\n<p>The figures speak for themselves:<\/p>\n<\/div>\n\n<div class=\"container\">\n<ul class=\"wp-block-list\"><div class=\"container\">\n<li>15,4%* of French people live <strong>below the poverty line<\/strong>.<\/li>\n<\/div>\n\n<div class=\"container\">\n<li>12%** of the French population suffers from <strong>social isolation<\/strong>.<\/li>\n<\/div>\n\n<div class=\"container\">\n<li>More than 560,000 people in France are <strong>victims of physical and\/or sexual violence<\/strong>.<\/li>\n<\/div>\n\n<div class=\"container\">\n<li>13%**** are affected by <strong>depression<\/strong>.<\/li>\n<\/div><\/ul>\n<\/div>\n\n<div class=\"container\">\n<p>Faced with these realities and in a context of gradual withdrawal of public support, associations are more than ever on the front line. The Cetelem Foundation aims to strengthen its action by providing targeted and lasting support.<\/p>\n<\/div>\n\n<div class=\"container\">\n<h2 class=\"wp-block-heading\"><strong>Three areas of commitment<\/strong><\/h2>\n<\/div>\n\n<div class=\"container\">\n<p>The Cetelem Foundation will now focus its action around three major axes:<\/p>\n<\/div>\n\n<div class=\"container\">\n<ol class=\"wp-block-list\"><div class=\"container\">\n<li><strong>Strenghtening social connections,<\/strong><\/li>\n<\/div>\n\n<div class=\"container\">\n<li><strong>Support for mental and\/or physical health<\/strong>,<\/li>\n<\/div>\n\n<div class=\"container\">\n<li><strong>Combating violence<\/strong>.<\/li>\n<\/div><\/ol>\n<\/div>\n\n<div class=\"container\">\n<p>Every year, a theme will be highlighted through a national call for projects.<\/p>\n<\/div>\n\n<div class=\"container\">\n<div style=\"height:25px\" aria-hidden=\"true\" class=\"wp-block-spacer\"><\/div>\n<\/div>\n\n<div class=\"container\">\n<p><strong>\u00c0 LIRE AUSSI<br><a href=\"https:\/\/personal-finance.bnpparibas\/en\/cetelem-foundation-33-years-of-commitment-and-still-going-strong-in-2025\/\" target=\"_blank\" rel=\"noreferrer noopener\">\ud83d\udccc Cetelem Foundation: 33 years of commitment and still going strong in 2025<\/a><\/strong><br><strong><a href=\"https:\/\/personal-finance.bnpparibas\/en\/cetelem-foundation-new-governance\/\" target=\"_blank\" rel=\"noreferrer noopener\">\ud83d\udccc 2024 Cetelem Foundation: new governance<\/a><\/strong><\/p>\n<\/div>\n\n<div class=\"container\">\n<p><\/p>\n<\/div>\n\n<div class=\"container\">\n<h2 class=\"wp-block-heading\">The year 2026 to rebuild social ties<\/h2>\n<\/div>\n\n<div class=\"container\">\n<p><strong>The first call for projects of this new direction will open on November 17, 2025<\/strong>, where the theme is: supporting social ties.<br>A central issue for recreating spaces of solidarity, dialogue, and inclusion at the heart of the territory.<\/p>\n<\/div>\n\n<div class=\"container\">\n<div style=\"height:40px\" aria-hidden=\"true\" class=\"wp-block-spacer\"><\/div>\n<\/div>\n\n<div class=\"container\">\n<h3 class=\"wp-block-heading has-text-align-center has-text-color has-link-color wp-elements-8d7e4e5d2e8454fe4a5261778e3def09\" style=\"color:#337f37\"><strong>Because every link counts!<\/strong><\/h3>\n<\/div>\n\n<div class=\"container\">\n<div style=\"height:40px\" aria-hidden=\"true\" class=\"wp-block-spacer\"><\/div>\n<\/div>\n\n\n<div class=\"container\">\n\n    <div class=\"my-3 text-center\">\n\n        <a id=\"block_c389e6b849e868eda1f3efc3954e1eaf\" href=\"https:\/\/personal-finance.bnpparibas\/en\/cetelem-foundation\/about-cetelem-foundation\/\"   class=\"btn btn-border\">\n            Learn more about the Cetelem Foundation\n                            <i class=\"fa fa-chevron-right\"><\/i>\n                    <\/a>\n\n    <\/div>\n\n<\/div>\n\n<div class=\"container\">\n<div style=\"height:79px\" aria-hidden=\"true\" class=\"wp-block-spacer\"><\/div>\n<\/div>\n\n<div class=\"container\">\n<p class=\"has-small-font-size\"><em>*Source INSEE<\/em><br><em>** Source : Fondation logement d\u00e9favoris\u00e9s\/** Source : Petits Fr\u00e8res de Pauvres 2024<\/em><br><em>*** Source :&nbsp;&nbsp;Minist\u00e8re de l\u2019Int\u00e9rieur 2024<\/em><br><em>**** Sources : Sant\u00e9 publique France DREES, Minist\u00e8re de la Sant\u00e9<\/em><\/p>\n<\/div>","protected":false},"excerpt":{"rendered":"<p>A new era for the Cetelem Foundation At 33 years old, the Cetelem Foundation is opening a new chapter in its history. After several years of action towards digital inclusion, it is now expanding its horizon towards social inclusion for people in vulnerable situations. A strong repositioning, in line with the most urgent needs of [&hellip;]<\/p>\n","protected":false},"author":1945,"featured_media":43724,"comment_status":"open","ping_status":"open","sticky":false,"template":"","format":"standard","meta":{"_acf_changed":false,"footnotes":""},"categories":[176,338],"tags":[],"class_list":["post-44364","post","type-post","status-publish","format-standard","has-post-thumbnail","hentry","category-engagement-en","category-cetelem-foundation"],"acf":[],"yoast_head":"<!-- This site is optimized with the Yoast SEO plugin v24.3 - https:\/\/yoast.com\/wordpress\/plugins\/seo\/ -->\n<title>The Cetelem Foundation is evolving its mission - Personal Finance<\/title>\n<meta name=\"robots\" content=\"index, follow, max-snippet:-1, max-image-preview:large, max-video-preview:-1\" \/>\n<link rel=\"canonical\" href=\"https:\/\/personal-finance.bnpparibas\/en\/the-cetelem-foundation-is-evolving-its-mission\/\" \/>\n<meta property=\"og:locale\" content=\"en_US\" \/>\n<meta property=\"og:type\" content=\"article\" \/>\n<meta property=\"og:title\" content=\"The Cetelem Foundation is evolving its mission - Personal Finance\" \/>\n<meta property=\"og:description\" content=\"A new era for the Cetelem Foundation At 33 years old, the Cetelem Foundation is opening a new chapter in its history. After several years of action towards digital inclusion, it is now expanding its horizon towards social inclusion for people in vulnerable situations. A strong repositioning, in line with the most urgent needs of [&hellip;]\" \/>\n<meta property=\"og:url\" content=\"https:\/\/personal-finance.bnpparibas\/en\/the-cetelem-foundation-is-evolving-its-mission\/\" \/>\n<meta property=\"og:site_name\" content=\"Personal Finance\" \/>\n<meta property=\"article:published_time\" content=\"2025-11-04T08:00:00+00:00\" \/>\n<meta property=\"article:modified_time\" content=\"2026-03-10T07:54:32+00:00\" \/>\n<meta property=\"og:image\" content=\"https:\/\/personal-finance.bnpparibas\/app\/uploads\/sites\/4\/2025\/10\/disabled-man-shaking-hand-of-female-volunteer-2025-03-15-01-52-16-utc-scaled.jpg\" \/>\n\t<meta property=\"og:image:width\" content=\"2560\" \/>\n\t<meta property=\"og:image:height\" content=\"1707\" \/>\n\t<meta property=\"og:image:type\" content=\"image\/jpeg\" \/>\n<meta name=\"author\" content=\"samanthaquelha\" \/>\n<meta name=\"twitter:card\" content=\"summary_large_image\" \/>\n<meta name=\"twitter:label1\" content=\"Written by\" \/>\n\t<meta name=\"twitter:data1\" content=\"samanthaquelha\" \/>\n\t<meta name=\"twitter:label2\" content=\"Est. reading time\" \/>\n\t<meta name=\"twitter:data2\" content=\"2 minutes\" \/>\n<script type=\"application\/ld+json\" class=\"yoast-schema-graph\">{\"@context\":\"https:\/\/schema.org\",\"@graph\":[{\"@type\":\"WebPage\",\"@id\":\"https:\/\/personal-finance.bnpparibas\/en\/the-cetelem-foundation-is-evolving-its-mission\/\",\"url\":\"https:\/\/personal-finance.bnpparibas\/en\/the-cetelem-foundation-is-evolving-its-mission\/\",\"name\":\"The Cetelem Foundation is evolving its mission - Personal Finance\",\"isPartOf\":{\"@id\":\"https:\/\/personal-finance.bnpparibas\/#website\"},\"primaryImageOfPage\":{\"@id\":\"https:\/\/personal-finance.bnpparibas\/en\/the-cetelem-foundation-is-evolving-its-mission\/#primaryimage\"},\"image\":{\"@id\":\"https:\/\/personal-finance.bnpparibas\/en\/the-cetelem-foundation-is-evolving-its-mission\/#primaryimage\"},\"thumbnailUrl\":\"https:\/\/personal-finance.bnpparibas\/app\/uploads\/sites\/4\/2025\/10\/disabled-man-shaking-hand-of-female-volunteer-2025-03-15-01-52-16-utc-scaled.jpg\",\"datePublished\":\"2025-11-04T08:00:00+00:00\",\"dateModified\":\"2026-03-10T07:54:32+00:00\",\"author\":{\"@id\":\"https:\/\/personal-finance.bnpparibas\/#\/schema\/person\/d8cae85c0f6ab0ec439bdc3f884bfeb9\"},\"breadcrumb\":{\"@id\":\"https:\/\/personal-finance.bnpparibas\/en\/the-cetelem-foundation-is-evolving-its-mission\/#breadcrumb\"},\"inLanguage\":\"en-US\",\"potentialAction\":[{\"@type\":\"ReadAction\",\"target\":[\"https:\/\/personal-finance.bnpparibas\/en\/the-cetelem-foundation-is-evolving-its-mission\/\"]}]},{\"@type\":\"ImageObject\",\"inLanguage\":\"en-US\",\"@id\":\"https:\/\/personal-finance.bnpparibas\/en\/the-cetelem-foundation-is-evolving-its-mission\/#primaryimage\",\"url\":\"https:\/\/personal-finance.bnpparibas\/app\/uploads\/sites\/4\/2025\/10\/disabled-man-shaking-hand-of-female-volunteer-2025-03-15-01-52-16-utc-scaled.jpg\",\"contentUrl\":\"https:\/\/personal-finance.bnpparibas\/app\/uploads\/sites\/4\/2025\/10\/disabled-man-shaking-hand-of-female-volunteer-2025-03-15-01-52-16-utc-scaled.jpg\",\"width\":2560,\"height\":1707},{\"@type\":\"BreadcrumbList\",\"@id\":\"https:\/\/personal-finance.bnpparibas\/en\/the-cetelem-foundation-is-evolving-its-mission\/#breadcrumb\",\"itemListElement\":[{\"@type\":\"ListItem\",\"position\":1,\"name\":\"Home\",\"item\":\"https:\/\/personal-finance.bnpparibas\/en\/\"},{\"@type\":\"ListItem\",\"position\":2,\"name\":\"The Cetelem Foundation is evolving its mission\"}]},{\"@type\":\"WebSite\",\"@id\":\"https:\/\/personal-finance.bnpparibas\/#website\",\"url\":\"https:\/\/personal-finance.bnpparibas\/\",\"name\":\"Personal Finance\",\"description\":\"BNP Paribas Personal Finance\",\"potentialAction\":[{\"@type\":\"SearchAction\",\"target\":{\"@type\":\"EntryPoint\",\"urlTemplate\":\"https:\/\/personal-finance.bnpparibas\/?s={search_term_string}\"},\"query-input\":{\"@type\":\"PropertyValueSpecification\",\"valueRequired\":true,\"valueName\":\"search_term_string\"}}],\"inLanguage\":\"en-US\"},{\"@type\":\"Person\",\"@id\":\"https:\/\/personal-finance.bnpparibas\/#\/schema\/person\/d8cae85c0f6ab0ec439bdc3f884bfeb9\",\"name\":\"samanthaquelha\",\"image\":{\"@type\":\"ImageObject\",\"inLanguage\":\"en-US\",\"@id\":\"https:\/\/personal-finance.bnpparibas\/#\/schema\/person\/image\/\",\"url\":\"https:\/\/secure.gravatar.com\/avatar\/ec670700c6a0903489d768495187c5c4?s=96&d=mm&r=g\",\"contentUrl\":\"https:\/\/secure.gravatar.com\/avatar\/ec670700c6a0903489d768495187c5c4?s=96&d=mm&r=g\",\"caption\":\"samanthaquelha\"},\"url\":\"https:\/\/personal-finance.bnpparibas\/en\/author\/samanthaquelha\/\"}]}<\/script>\n<!-- \/ Yoast SEO plugin. -->","yoast_head_json":{"title":"The Cetelem Foundation is evolving its mission - Personal Finance","robots":{"index":"index","follow":"follow","max-snippet":"max-snippet:-1","max-image-preview":"max-image-preview:large","max-video-preview":"max-video-preview:-1"},"canonical":"https:\/\/personal-finance.bnpparibas\/en\/the-cetelem-foundation-is-evolving-its-mission\/","og_locale":"en_US","og_type":"article","og_title":"The Cetelem Foundation is evolving its mission - Personal Finance","og_description":"A new era for the Cetelem Foundation At 33 years old, the Cetelem Foundation is opening a new chapter in its history. After several years of action towards digital inclusion, it is now expanding its horizon towards social inclusion for people in vulnerable situations. A strong repositioning, in line with the most urgent needs of [&hellip;]","og_url":"https:\/\/personal-finance.bnpparibas\/en\/the-cetelem-foundation-is-evolving-its-mission\/","og_site_name":"Personal Finance","article_published_time":"2025-11-04T08:00:00+00:00","article_modified_time":"2026-03-10T07:54:32+00:00","og_image":[{"width":2560,"height":1707,"url":"https:\/\/personal-finance.bnpparibas\/app\/uploads\/sites\/4\/2025\/10\/disabled-man-shaking-hand-of-female-volunteer-2025-03-15-01-52-16-utc-scaled.jpg","type":"image\/jpeg"}],"author":"samanthaquelha","twitter_card":"summary_large_image","twitter_misc":{"Written by":"samanthaquelha","Est. reading time":"2 minutes"},"schema":{"@context":"https:\/\/schema.org","@graph":[{"@type":"WebPage","@id":"https:\/\/personal-finance.bnpparibas\/en\/the-cetelem-foundation-is-evolving-its-mission\/","url":"https:\/\/personal-finance.bnpparibas\/en\/the-cetelem-foundation-is-evolving-its-mission\/","name":"The Cetelem Foundation is evolving its mission - Personal Finance","isPartOf":{"@id":"https:\/\/personal-finance.bnpparibas\/#website"},"primaryImageOfPage":{"@id":"https:\/\/personal-finance.bnpparibas\/en\/the-cetelem-foundation-is-evolving-its-mission\/#primaryimage"},"image":{"@id":"https:\/\/personal-finance.bnpparibas\/en\/the-cetelem-foundation-is-evolving-its-mission\/#primaryimage"},"thumbnailUrl":"https:\/\/personal-finance.bnpparibas\/app\/uploads\/sites\/4\/2025\/10\/disabled-man-shaking-hand-of-female-volunteer-2025-03-15-01-52-16-utc-scaled.jpg","datePublished":"2025-11-04T08:00:00+00:00","dateModified":"2026-03-10T07:54:32+00:00","author":{"@id":"https:\/\/personal-finance.bnpparibas\/#\/schema\/person\/d8cae85c0f6ab0ec439bdc3f884bfeb9"},"breadcrumb":{"@id":"https:\/\/personal-finance.bnpparibas\/en\/the-cetelem-foundation-is-evolving-its-mission\/#breadcrumb"},"inLanguage":"en-US","potentialAction":[{"@type":"ReadAction","target":["https:\/\/personal-finance.bnpparibas\/en\/the-cetelem-foundation-is-evolving-its-mission\/"]}]},{"@type":"ImageObject","inLanguage":"en-US","@id":"https:\/\/personal-finance.bnpparibas\/en\/the-cetelem-foundation-is-evolving-its-mission\/#primaryimage","url":"https:\/\/personal-finance.bnpparibas\/app\/uploads\/sites\/4\/2025\/10\/disabled-man-shaking-hand-of-female-volunteer-2025-03-15-01-52-16-utc-scaled.jpg","contentUrl":"https:\/\/personal-finance.bnpparibas\/app\/uploads\/sites\/4\/2025\/10\/disabled-man-shaking-hand-of-female-volunteer-2025-03-15-01-52-16-utc-scaled.jpg","width":2560,"height":1707},{"@type":"BreadcrumbList","@id":"https:\/\/personal-finance.bnpparibas\/en\/the-cetelem-foundation-is-evolving-its-mission\/#breadcrumb","itemListElement":[{"@type":"ListItem","position":1,"name":"Home","item":"https:\/\/personal-finance.bnpparibas\/en\/"},{"@type":"ListItem","position":2,"name":"The Cetelem Foundation is evolving its mission"}]},{"@type":"WebSite","@id":"https:\/\/personal-finance.bnpparibas\/#website","url":"https:\/\/personal-finance.bnpparibas\/","name":"Personal Finance","description":"BNP Paribas Personal Finance","potentialAction":[{"@type":"SearchAction","target":{"@type":"EntryPoint","urlTemplate":"https:\/\/personal-finance.bnpparibas\/?s={search_term_string}"},"query-input":{"@type":"PropertyValueSpecification","valueRequired":true,"valueName":"search_term_string"}}],"inLanguage":"en-US"},{"@type":"Person","@id":"https:\/\/personal-finance.bnpparibas\/#\/schema\/person\/d8cae85c0f6ab0ec439bdc3f884bfeb9","name":"samanthaquelha","image":{"@type":"ImageObject","inLanguage":"en-US","@id":"https:\/\/personal-finance.bnpparibas\/#\/schema\/person\/image\/","url":"https:\/\/secure.gravatar.com\/avatar\/ec670700c6a0903489d768495187c5c4?s=96&d=mm&r=g","contentUrl":"https:\/\/secure.gravatar.com\/avatar\/ec670700c6a0903489d768495187c5c4?s=96&d=mm&r=g","caption":"samanthaquelha"},"url":"https:\/\/personal-finance.bnpparibas\/en\/author\/samanthaquelha\/"}]}},"_links":{"self":[{"href":"https:\/\/personal-finance.bnpparibas\/en\/wp-json\/wp\/v2\/posts\/44364","targetHints":{"allow":["GET"]}}],"collection":[{"href":"https:\/\/personal-finance.bnpparibas\/en\/wp-json\/wp\/v2\/posts"}],"about":[{"href":"https:\/\/personal-finance.bnpparibas\/en\/wp-json\/wp\/v2\/types\/post"}],"author":[{"embeddable":true,"href":"https:\/\/personal-finance.bnpparibas\/en\/wp-json\/wp\/v2\/users\/1945"}],"replies":[{"embeddable":true,"href":"https:\/\/personal-finance.bnpparibas\/en\/wp-json\/wp\/v2\/comments?post=44364"}],"version-history":[{"count":4,"href":"https:\/\/personal-finance.bnpparibas\/en\/wp-json\/wp\/v2\/posts\/44364\/revisions"}],"predecessor-version":[{"id":45776,"href":"https:\/\/personal-finance.bnpparibas\/en\/wp-json\/wp\/v2\/posts\/44364\/revisions\/45776"}],"wp:featuredmedia":[{"embeddable":true,"href":"https:\/\/personal-finance.bnpparibas\/en\/wp-json\/wp\/v2\/media\/43724"}],"wp:attachment":[{"href":"https:\/\/personal-finance.bnpparibas\/en\/wp-json\/wp\/v2\/media?parent=44364"}],"wp:term":[{"taxonomy":"category","embeddable":true,"href":"https:\/\/personal-finance.bnpparibas\/en\/wp-json\/wp\/v2\/categories?post=44364"},{"taxonomy":"post_tag","embeddable":true,"href":"https:\/\/personal-finance.bnpparibas\/en\/wp-json\/wp\/v2\/tags?post=44364"}],"curies":[{"name":"wp","href":"https:\/\/api.w.org\/{rel}","templated":true}]}}