{"id":42815,"date":"2025-06-25T07:00:00","date_gmt":"2025-06-25T05:00:00","guid":{"rendered":"https:\/\/personal-finance.bnpparibas\/cetelem-foundation-33-years-of-commitment-and-still-going-strong-in-2025\/"},"modified":"2025-06-27T14:46:50","modified_gmt":"2025-06-27T12:46:50","slug":"cetelem-foundation-33-years-of-commitment-and-still-going-strong-in-2025","status":"publish","type":"post","link":"https:\/\/personal-finance.bnpparibas\/en\/cetelem-foundation-33-years-of-commitment-and-still-going-strong-in-2025\/","title":{"rendered":"Cetelem Foundation: 33 years of commitment and still going strong in 2025"},"content":{"rendered":"<div class=\"container\">\n<p>For over three decades, the Cetelem Foundation has placed solidarity at the heart of its actions.<br>Since 2018, it has focused its mission on supporting <strong>inclusion through digital sharing<\/strong>, with 39 initiatives already backed. <\/p>\n<\/div>\n\n<div class=\"container\">\n<p>And this year again, the journey continues alongside inspiring associations across all corners of France!<\/p>\n<\/div>\n\n<div class=\"container\">\n<h2 class=\"wp-block-heading\">Long-term commitments<\/h2>\n<\/div>\n\n<div class=\"container\">\n<p>Because a one-time boost is good, but a long-term support is even better! In 2025, the Cetelem Foundation is renewing its support for associations whose projects were already being accompanied in 2024.  The goal? To allow them to continue developing their initiatives with confidence and real impact.<\/p>\n<\/div>\n\n<div class=\"container\">\n<div class=\"wp-block-columns has-background is-layout-flex wp-container-core-columns-is-layout-1 wp-block-columns-is-layout-flex\" style=\"background-color:#ebf2fa\">\n<div class=\"wp-block-column is-layout-flow wp-block-column-is-layout-flow\">\n<figure class=\"wp-block-image aligncenter size-full is-resized\"><img loading=\"lazy\" decoding=\"async\" width=\"390\" height=\"265\" src=\"https:\/\/personal-finance.bnpparibas\/app\/uploads\/sites\/4\/2025\/06\/logo_voisin-malin.png\" alt=\"\" class=\"wp-image-42788\" style=\"width:287px;height:auto\" srcset=\"https:\/\/personal-finance.bnpparibas\/app\/uploads\/sites\/4\/2025\/06\/logo_voisin-malin.png 390w, https:\/\/personal-finance.bnpparibas\/app\/uploads\/sites\/4\/2025\/06\/logo_voisin-malin-300x204.png 300w, https:\/\/personal-finance.bnpparibas\/app\/uploads\/sites\/4\/2025\/06\/logo_voisin-malin-184x125.png 184w\" sizes=\"auto, (max-width: 390px) 100vw, 390px\" \/><\/figure>\n\n\n\n<p><strong>Voisin Malin<\/strong> helps improve daily life for residents of disadvantaged neighborhoods through digital tools (parenting, access to media and information, screen addiction, etc.)<br>Supported by the Cetelem Foundation since 2018.<\/p>\n<\/div>\n\n\n\n<div class=\"wp-block-column is-vertically-aligned-top is-layout-flow wp-block-column-is-layout-flow\">\n<figure class=\"wp-block-image aligncenter size-full is-resized\"><img loading=\"lazy\" decoding=\"async\" width=\"949\" height=\"949\" src=\"https:\/\/personal-finance.bnpparibas\/app\/uploads\/sites\/4\/2025\/06\/logo_eloquentia.png\" alt=\"\" class=\"wp-image-42789\" style=\"width:195px\" srcset=\"https:\/\/personal-finance.bnpparibas\/app\/uploads\/sites\/4\/2025\/06\/logo_eloquentia.png 949w, https:\/\/personal-finance.bnpparibas\/app\/uploads\/sites\/4\/2025\/06\/logo_eloquentia-300x300.png 300w, https:\/\/personal-finance.bnpparibas\/app\/uploads\/sites\/4\/2025\/06\/logo_eloquentia-150x150.png 150w, https:\/\/personal-finance.bnpparibas\/app\/uploads\/sites\/4\/2025\/06\/logo_eloquentia-768x768.png 768w, https:\/\/personal-finance.bnpparibas\/app\/uploads\/sites\/4\/2025\/06\/logo_eloquentia-125x125.png 125w, https:\/\/personal-finance.bnpparibas\/app\/uploads\/sites\/4\/2025\/06\/logo_eloquentia-386x386.png 386w\" sizes=\"auto, (max-width: 949px) 100vw, 949px\" \/><\/figure>\n\n\n\n<p><strong>Eloquentia<\/strong> is digitizing its educational platform to empower young people through public speaking.<br>Supported by the Cetelem Foundation since 2022.<\/p>\n<\/div>\n\n\n\n<div class=\"wp-block-column is-vertically-aligned-top is-layout-flow wp-block-column-is-layout-flow\">\n<figure class=\"wp-block-image aligncenter size-full is-resized\"><img loading=\"lazy\" decoding=\"async\" width=\"949\" height=\"949\" src=\"https:\/\/personal-finance.bnpparibas\/app\/uploads\/sites\/4\/2025\/06\/logo_maison-pour-tous-petit-charran.png\" alt=\"\" class=\"wp-image-42790\" style=\"width:195px\" srcset=\"https:\/\/personal-finance.bnpparibas\/app\/uploads\/sites\/4\/2025\/06\/logo_maison-pour-tous-petit-charran.png 949w, https:\/\/personal-finance.bnpparibas\/app\/uploads\/sites\/4\/2025\/06\/logo_maison-pour-tous-petit-charran-300x300.png 300w, https:\/\/personal-finance.bnpparibas\/app\/uploads\/sites\/4\/2025\/06\/logo_maison-pour-tous-petit-charran-150x150.png 150w, https:\/\/personal-finance.bnpparibas\/app\/uploads\/sites\/4\/2025\/06\/logo_maison-pour-tous-petit-charran-768x768.png 768w, https:\/\/personal-finance.bnpparibas\/app\/uploads\/sites\/4\/2025\/06\/logo_maison-pour-tous-petit-charran-125x125.png 125w, https:\/\/personal-finance.bnpparibas\/app\/uploads\/sites\/4\/2025\/06\/logo_maison-pour-tous-petit-charran-386x386.png 386w\" sizes=\"auto, (max-width: 949px) 100vw, 949px\" \/><\/figure>\n\n\n\n<p><strong>Maison Pour Tous du Petit Charran&nbsp;<\/strong>dispose d\u2019une Box r\u00e9pondant au tout-num\u00e9rique o\u00f9 le jeu-vid\u00e9o et le e-sport permettent de remobiliser les jeunes vers la formation et les m\u00e9tiers du num\u00e9rique. Association soutenue par La Fondation Cetelem depuis 2018.<\/p>\n<\/div>\n<\/div>\n<\/div>\n\n<div class=\"container\">\n<h2 class=\"wp-block-heading\">Renewd support<\/h2>\n<\/div>\n\n<div class=\"container\">\n<p>Some associations previously supported have returned with new projects, always in the service of a more inclusive and accessible digital world. <\/p>\n<\/div>\n\n<div class=\"container\">\n<div class=\"wp-block-columns has-background is-layout-flex wp-container-core-columns-is-layout-2 wp-block-columns-is-layout-flex\" style=\"background-color:#f3f3f3\">\n<div class=\"wp-block-column is-layout-flow wp-block-column-is-layout-flow\">\n<figure class=\"wp-block-image aligncenter size-full is-resized\"><img loading=\"lazy\" decoding=\"async\" width=\"225\" height=\"142\" src=\"https:\/\/personal-finance.bnpparibas\/app\/uploads\/sites\/4\/2025\/06\/logo_la-platforme.png\" alt=\"Logo de l'association La Plateforme - Marseille soutenue par la Fondation Cetelem\" class=\"wp-image-42860\" style=\"width:214px;height:auto\" srcset=\"https:\/\/personal-finance.bnpparibas\/app\/uploads\/sites\/4\/2025\/06\/logo_la-platforme.png 225w, https:\/\/personal-finance.bnpparibas\/app\/uploads\/sites\/4\/2025\/06\/logo_la-platforme-198x125.png 198w\" sizes=\"auto, (max-width: 225px) 100vw, 225px\" \/><\/figure>\n\n\n\n<p><strong>La Plateforme-Marseille ouvre<\/strong>\u00a0un Cyberpark sur le territoire de Lille. Un programme d\u2019ateliers au format innovant et ludique qui sensibilise le jeune public aux risques du num\u00e9rique.<\/p>\n<\/div>\n\n\n\n<div class=\"wp-block-column is-layout-flow wp-block-column-is-layout-flow\">\n<figure class=\"wp-block-image aligncenter size-full is-resized\"><img loading=\"lazy\" decoding=\"async\" width=\"225\" height=\"142\" src=\"https:\/\/personal-finance.bnpparibas\/app\/uploads\/sites\/4\/2025\/06\/logo_entourage.png\" alt=\"\" class=\"wp-image-42796\" style=\"width:196px;height:auto\" srcset=\"https:\/\/personal-finance.bnpparibas\/app\/uploads\/sites\/4\/2025\/06\/logo_entourage.png 225w, https:\/\/personal-finance.bnpparibas\/app\/uploads\/sites\/4\/2025\/06\/logo_entourage-198x125.png 198w\" sizes=\"auto, (max-width: 225px) 100vw, 225px\" \/><\/figure>\n\n\n\n<p><strong>Entourage<\/strong> continues to connect citizens and people facing social isolation and hardship through its app Entourage Local and will introduce an AI assistant this year.<\/p>\n<\/div>\n<\/div>\n<\/div>\n\n<div class=\"container\">\n<div class=\"wp-block-columns has-background is-layout-flex wp-container-core-columns-is-layout-3 wp-block-columns-is-layout-flex\" style=\"background-color:#c3dff4\">\n<div class=\"wp-block-column is-layout-flow wp-block-column-is-layout-flow\">\n<figure class=\"wp-block-image aligncenter size-full is-resized\"><img loading=\"lazy\" decoding=\"async\" width=\"322\" height=\"97\" src=\"https:\/\/personal-finance.bnpparibas\/app\/uploads\/sites\/4\/2025\/06\/logo_croix-rouge-francaise.png\" alt=\"\" class=\"wp-image-42792\" style=\"width:272px;height:auto\" srcset=\"https:\/\/personal-finance.bnpparibas\/app\/uploads\/sites\/4\/2025\/06\/logo_croix-rouge-francaise.png 322w, https:\/\/personal-finance.bnpparibas\/app\/uploads\/sites\/4\/2025\/06\/logo_croix-rouge-francaise-300x90.png 300w, https:\/\/personal-finance.bnpparibas\/app\/uploads\/sites\/4\/2025\/06\/logo_croix-rouge-francaise-290x87.png 290w\" sizes=\"auto, (max-width: 322px) 100vw, 322px\" \/><\/figure>\n\n\n\n<p><strong>La Croix-Rouge fran\u00e7aise<\/strong> will offer workshops introducing Artificial Intelligence to help prevent digital and social exclusion resulting from emerging technologies.<\/p>\n<\/div>\n\n\n\n<div class=\"wp-block-column is-layout-flow wp-block-column-is-layout-flow\">\n<figure class=\"wp-block-image aligncenter size-full is-resized\"><img loading=\"lazy\" decoding=\"async\" width=\"268\" height=\"102\" src=\"https:\/\/personal-finance.bnpparibas\/app\/uploads\/sites\/4\/2025\/06\/logo_wetechcare.png\" alt=\"\" class=\"wp-image-42793\" style=\"width:215px;height:auto\"\/><\/figure>\n\n\n\n<p><strong>WeTechCare<\/strong> is launching a new app &#8211; a true digital life companion for vulnerable individuals, providing personalized learning and support anytime, anywhere, following its previous digital training programs for caregivers and learners.<\/p>\n<\/div>\n<\/div>\n<\/div>\n\n<div class=\"container\">\n<h2 class=\"wp-block-heading\">Three new associations join the adventure<\/h2>\n<\/div>\n\n<div class=\"container\">\n<p>In 2025, the Cetelem Foundation is pleased to support the projects of three new associations. Their initiatives, grounded in real needs and driven by contagious energy, stood out for their social impact and their ability to foster connection through digital technologu. Welcome abroad!  <\/p>\n<\/div>\n\n<div class=\"container\">\n<div class=\"wp-block-columns has-background is-layout-flex wp-container-core-columns-is-layout-4 wp-block-columns-is-layout-flex\" style=\"background-color:#ebf2fa\">\n<div class=\"wp-block-column is-layout-flow wp-block-column-is-layout-flow\">\n<div style=\"height:21px\" aria-hidden=\"true\" class=\"wp-block-spacer\"><\/div>\n\n\n\n<figure class=\"wp-block-image aligncenter size-full is-resized\"><img loading=\"lazy\" decoding=\"async\" width=\"949\" height=\"949\" src=\"https:\/\/personal-finance.bnpparibas\/app\/uploads\/sites\/4\/2025\/06\/logo_psy-script.png\" alt=\"\" class=\"wp-image-42798\" style=\"width:133px;height:auto\" srcset=\"https:\/\/personal-finance.bnpparibas\/app\/uploads\/sites\/4\/2025\/06\/logo_psy-script.png 949w, https:\/\/personal-finance.bnpparibas\/app\/uploads\/sites\/4\/2025\/06\/logo_psy-script-300x300.png 300w, https:\/\/personal-finance.bnpparibas\/app\/uploads\/sites\/4\/2025\/06\/logo_psy-script-150x150.png 150w, https:\/\/personal-finance.bnpparibas\/app\/uploads\/sites\/4\/2025\/06\/logo_psy-script-768x768.png 768w, https:\/\/personal-finance.bnpparibas\/app\/uploads\/sites\/4\/2025\/06\/logo_psy-script-125x125.png 125w, https:\/\/personal-finance.bnpparibas\/app\/uploads\/sites\/4\/2025\/06\/logo_psy-script-386x386.png 386w\" sizes=\"auto, (max-width: 949px) 100vw, 949px\" \/><\/figure>\n\n\n\n<p><strong>Psy\u2019script<\/strong> offers a secure digital platform enabling vulnerable, isolated women to access psychological care.<\/p>\n<\/div>\n\n\n\n<div class=\"wp-block-column is-vertically-aligned-top is-layout-flow wp-block-column-is-layout-flow\">\n<div style=\"height:20px\" aria-hidden=\"true\" class=\"wp-block-spacer\"><\/div>\n\n\n\n<figure class=\"wp-block-image aligncenter size-full is-resized\"><img loading=\"lazy\" decoding=\"async\" width=\"314\" height=\"160\" src=\"https:\/\/personal-finance.bnpparibas\/app\/uploads\/sites\/4\/2025\/06\/logo_lecture-jeunesse.png\" alt=\"\" class=\"wp-image-42799\" style=\"width:243px;height:auto\" srcset=\"https:\/\/personal-finance.bnpparibas\/app\/uploads\/sites\/4\/2025\/06\/logo_lecture-jeunesse.png 314w, https:\/\/personal-finance.bnpparibas\/app\/uploads\/sites\/4\/2025\/06\/logo_lecture-jeunesse-300x153.png 300w, https:\/\/personal-finance.bnpparibas\/app\/uploads\/sites\/4\/2025\/06\/logo_lecture-jeunesse-245x125.png 245w\" sizes=\"auto, (max-width: 314px) 100vw, 314px\" \/><\/figure>\n\n\n\n<p><strong>Lecture Jeunesse<\/strong> allows teenagers to become authors through the collaborative creation of a digital book. It fosters both oral and written expression while broadening their artistic experiences. <\/p>\n<\/div>\n\n\n\n<div class=\"wp-block-column is-vertically-aligned-top is-layout-flow wp-block-column-is-layout-flow\">\n<div style=\"height:20px\" aria-hidden=\"true\" class=\"wp-block-spacer\"><\/div>\n\n\n\n<figure class=\"wp-block-image aligncenter size-full is-resized\"><img loading=\"lazy\" decoding=\"async\" width=\"949\" height=\"949\" src=\"https:\/\/personal-finance.bnpparibas\/app\/uploads\/sites\/4\/2025\/06\/logo_habitat-et-humanisme.png\" alt=\"\" class=\"wp-image-42800\" style=\"width:133px\" srcset=\"https:\/\/personal-finance.bnpparibas\/app\/uploads\/sites\/4\/2025\/06\/logo_habitat-et-humanisme.png 949w, https:\/\/personal-finance.bnpparibas\/app\/uploads\/sites\/4\/2025\/06\/logo_habitat-et-humanisme-300x300.png 300w, https:\/\/personal-finance.bnpparibas\/app\/uploads\/sites\/4\/2025\/06\/logo_habitat-et-humanisme-150x150.png 150w, https:\/\/personal-finance.bnpparibas\/app\/uploads\/sites\/4\/2025\/06\/logo_habitat-et-humanisme-768x768.png 768w, https:\/\/personal-finance.bnpparibas\/app\/uploads\/sites\/4\/2025\/06\/logo_habitat-et-humanisme-125x125.png 125w, https:\/\/personal-finance.bnpparibas\/app\/uploads\/sites\/4\/2025\/06\/logo_habitat-et-humanisme-386x386.png 386w\" sizes=\"auto, (max-width: 949px) 100vw, 949px\" \/><\/figure>\n\n\n\n<p><strong>Habitat et humanisme<\/strong> is introducing an interactive play to demystify digital tools. The association&#8217;s beneficiaries will walk away with less apprehension and more enthusiasm to use digital technology. <\/p>\n<\/div>\n<\/div>\n<\/div>\n\n<div class=\"container\">\n<h2 class=\"wp-block-heading\">Dedicated employees who always show up <\/h2>\n<\/div>\n\n<div class=\"container\">\n<p>What makes the Cetelem Foundation strong is also the dedication of thos who bring it to life every day. As every year, wolunteers from our engaged employee community at BNP Paribas Personal Finance took part in selecting these new projects. A tangible way to live out the values of solidarity and inclusion, beyond the workplace.  <\/p>\n<\/div>\n\n<div class=\"container\">\n<div style=\"height:100px\" aria-hidden=\"true\" class=\"wp-block-spacer\"><\/div>\n<\/div>\n\n<div class=\"container\">\n<p>Need more information? <a href=\"mailto:pf.fondationcetelem@bnpparibas-pf.com\" target=\"_blank\" rel=\"noreferrer noopener\"><strong>Contact us!<\/strong><\/a>  <\/p>\n<\/div>","protected":false},"excerpt":{"rendered":"<p>For over three decades, the Cetelem Foundation has placed solidarity at the heart of its actions.Since 2018, it has focused its mission on supporting inclusion through digital sharing, with 39 initiatives already backed. And this year again, the journey continues alongside inspiring associations across all corners of France! Long-term commitments Because a one-time boost is [&hellip;]<\/p>\n","protected":false},"author":1945,"featured_media":42806,"comment_status":"open","ping_status":"open","sticky":false,"template":"","format":"standard","meta":{"_acf_changed":false,"footnotes":""},"categories":[338],"tags":[],"class_list":["post-42815","post","type-post","status-publish","format-standard","has-post-thumbnail","hentry","category-cetelem-foundation"],"acf":[],"yoast_head":"<!-- This site is optimized with the Yoast SEO plugin v24.3 - https:\/\/yoast.com\/wordpress\/plugins\/seo\/ -->\n<title>Cetelem Foundation: 33 years of commitment and still going strong<\/title>\n<meta name=\"description\" content=\"For 33 years, the Cetelem Foundation has placed solidarity at the heart of its actions. Discover the associations supported by the Cetelem Foundation in 2025.\" \/>\n<meta name=\"robots\" content=\"index, follow, max-snippet:-1, max-image-preview:large, max-video-preview:-1\" \/>\n<link rel=\"canonical\" href=\"https:\/\/personal-finance.bnpparibas\/en\/cetelem-foundation-33-years-of-commitment-and-still-going-strong-in-2025\/\" \/>\n<meta property=\"og:locale\" content=\"en_US\" \/>\n<meta property=\"og:type\" content=\"article\" \/>\n<meta property=\"og:title\" content=\"Cetelem Foundation: 33 years of commitment and still going strong\" \/>\n<meta property=\"og:description\" content=\"For 33 years, the Cetelem Foundation has placed solidarity at the heart of its actions. Discover the associations supported by the Cetelem Foundation in 2025.\" \/>\n<meta property=\"og:url\" content=\"https:\/\/personal-finance.bnpparibas\/en\/cetelem-foundation-33-years-of-commitment-and-still-going-strong-in-2025\/\" \/>\n<meta property=\"og:site_name\" content=\"Personal Finance\" \/>\n<meta property=\"article:published_time\" content=\"2025-06-25T05:00:00+00:00\" \/>\n<meta property=\"article:modified_time\" content=\"2025-06-27T12:46:50+00:00\" \/>\n<meta property=\"og:image\" content=\"https:\/\/personal-finance.bnpparibas\/app\/uploads\/sites\/4\/2025\/06\/banner_fondation-cetelem-2025.png\" \/>\n\t<meta property=\"og:image:width\" content=\"1476\" \/>\n\t<meta property=\"og:image:height\" content=\"716\" \/>\n\t<meta property=\"og:image:type\" content=\"image\/png\" \/>\n<meta name=\"author\" content=\"samanthaquelha\" \/>\n<meta name=\"twitter:card\" content=\"summary_large_image\" \/>\n<meta name=\"twitter:label1\" content=\"Written by\" \/>\n\t<meta name=\"twitter:data1\" content=\"samanthaquelha\" \/>\n\t<meta name=\"twitter:label2\" content=\"Est. reading time\" \/>\n\t<meta name=\"twitter:data2\" content=\"5 minutes\" \/>\n<script type=\"application\/ld+json\" class=\"yoast-schema-graph\">{\"@context\":\"https:\/\/schema.org\",\"@graph\":[{\"@type\":\"WebPage\",\"@id\":\"https:\/\/personal-finance.bnpparibas\/en\/cetelem-foundation-33-years-of-commitment-and-still-going-strong-in-2025\/\",\"url\":\"https:\/\/personal-finance.bnpparibas\/en\/cetelem-foundation-33-years-of-commitment-and-still-going-strong-in-2025\/\",\"name\":\"Cetelem Foundation: 33 years of commitment and still going strong\",\"isPartOf\":{\"@id\":\"https:\/\/personal-finance.bnpparibas\/#website\"},\"primaryImageOfPage\":{\"@id\":\"https:\/\/personal-finance.bnpparibas\/en\/cetelem-foundation-33-years-of-commitment-and-still-going-strong-in-2025\/#primaryimage\"},\"image\":{\"@id\":\"https:\/\/personal-finance.bnpparibas\/en\/cetelem-foundation-33-years-of-commitment-and-still-going-strong-in-2025\/#primaryimage\"},\"thumbnailUrl\":\"https:\/\/personal-finance.bnpparibas\/app\/uploads\/sites\/4\/2025\/06\/banner_fondation-cetelem-2025.png\",\"datePublished\":\"2025-06-25T05:00:00+00:00\",\"dateModified\":\"2025-06-27T12:46:50+00:00\",\"author\":{\"@id\":\"https:\/\/personal-finance.bnpparibas\/#\/schema\/person\/d8cae85c0f6ab0ec439bdc3f884bfeb9\"},\"description\":\"For 33 years, the Cetelem Foundation has placed solidarity at the heart of its actions. Discover the associations supported by the Cetelem Foundation in 2025.\",\"breadcrumb\":{\"@id\":\"https:\/\/personal-finance.bnpparibas\/en\/cetelem-foundation-33-years-of-commitment-and-still-going-strong-in-2025\/#breadcrumb\"},\"inLanguage\":\"en-US\",\"potentialAction\":[{\"@type\":\"ReadAction\",\"target\":[\"https:\/\/personal-finance.bnpparibas\/en\/cetelem-foundation-33-years-of-commitment-and-still-going-strong-in-2025\/\"]}]},{\"@type\":\"ImageObject\",\"inLanguage\":\"en-US\",\"@id\":\"https:\/\/personal-finance.bnpparibas\/en\/cetelem-foundation-33-years-of-commitment-and-still-going-strong-in-2025\/#primaryimage\",\"url\":\"https:\/\/personal-finance.bnpparibas\/app\/uploads\/sites\/4\/2025\/06\/banner_fondation-cetelem-2025.png\",\"contentUrl\":\"https:\/\/personal-finance.bnpparibas\/app\/uploads\/sites\/4\/2025\/06\/banner_fondation-cetelem-2025.png\",\"width\":1476,\"height\":716},{\"@type\":\"BreadcrumbList\",\"@id\":\"https:\/\/personal-finance.bnpparibas\/en\/cetelem-foundation-33-years-of-commitment-and-still-going-strong-in-2025\/#breadcrumb\",\"itemListElement\":[{\"@type\":\"ListItem\",\"position\":1,\"name\":\"Home\",\"item\":\"https:\/\/personal-finance.bnpparibas\/en\/\"},{\"@type\":\"ListItem\",\"position\":2,\"name\":\"Cetelem Foundation: 33 years of commitment and still going strong in 2025\"}]},{\"@type\":\"WebSite\",\"@id\":\"https:\/\/personal-finance.bnpparibas\/#website\",\"url\":\"https:\/\/personal-finance.bnpparibas\/\",\"name\":\"Personal Finance\",\"description\":\"BNP Paribas Personal Finance\",\"potentialAction\":[{\"@type\":\"SearchAction\",\"target\":{\"@type\":\"EntryPoint\",\"urlTemplate\":\"https:\/\/personal-finance.bnpparibas\/?s={search_term_string}\"},\"query-input\":{\"@type\":\"PropertyValueSpecification\",\"valueRequired\":true,\"valueName\":\"search_term_string\"}}],\"inLanguage\":\"en-US\"},{\"@type\":\"Person\",\"@id\":\"https:\/\/personal-finance.bnpparibas\/#\/schema\/person\/d8cae85c0f6ab0ec439bdc3f884bfeb9\",\"name\":\"samanthaquelha\",\"image\":{\"@type\":\"ImageObject\",\"inLanguage\":\"en-US\",\"@id\":\"https:\/\/personal-finance.bnpparibas\/#\/schema\/person\/image\/\",\"url\":\"https:\/\/secure.gravatar.com\/avatar\/ec670700c6a0903489d768495187c5c4?s=96&d=mm&r=g\",\"contentUrl\":\"https:\/\/secure.gravatar.com\/avatar\/ec670700c6a0903489d768495187c5c4?s=96&d=mm&r=g\",\"caption\":\"samanthaquelha\"},\"url\":\"https:\/\/personal-finance.bnpparibas\/en\/author\/samanthaquelha\/\"}]}<\/script>\n<!-- \/ Yoast SEO plugin. -->","yoast_head_json":{"title":"Cetelem Foundation: 33 years of commitment and still going strong","description":"For 33 years, the Cetelem Foundation has placed solidarity at the heart of its actions. Discover the associations supported by the Cetelem Foundation in 2025.","robots":{"index":"index","follow":"follow","max-snippet":"max-snippet:-1","max-image-preview":"max-image-preview:large","max-video-preview":"max-video-preview:-1"},"canonical":"https:\/\/personal-finance.bnpparibas\/en\/cetelem-foundation-33-years-of-commitment-and-still-going-strong-in-2025\/","og_locale":"en_US","og_type":"article","og_title":"Cetelem Foundation: 33 years of commitment and still going strong","og_description":"For 33 years, the Cetelem Foundation has placed solidarity at the heart of its actions. Discover the associations supported by the Cetelem Foundation in 2025.","og_url":"https:\/\/personal-finance.bnpparibas\/en\/cetelem-foundation-33-years-of-commitment-and-still-going-strong-in-2025\/","og_site_name":"Personal Finance","article_published_time":"2025-06-25T05:00:00+00:00","article_modified_time":"2025-06-27T12:46:50+00:00","og_image":[{"width":1476,"height":716,"url":"https:\/\/personal-finance.bnpparibas\/app\/uploads\/sites\/4\/2025\/06\/banner_fondation-cetelem-2025.png","type":"image\/png"}],"author":"samanthaquelha","twitter_card":"summary_large_image","twitter_misc":{"Written by":"samanthaquelha","Est. reading time":"5 minutes"},"schema":{"@context":"https:\/\/schema.org","@graph":[{"@type":"WebPage","@id":"https:\/\/personal-finance.bnpparibas\/en\/cetelem-foundation-33-years-of-commitment-and-still-going-strong-in-2025\/","url":"https:\/\/personal-finance.bnpparibas\/en\/cetelem-foundation-33-years-of-commitment-and-still-going-strong-in-2025\/","name":"Cetelem Foundation: 33 years of commitment and still going strong","isPartOf":{"@id":"https:\/\/personal-finance.bnpparibas\/#website"},"primaryImageOfPage":{"@id":"https:\/\/personal-finance.bnpparibas\/en\/cetelem-foundation-33-years-of-commitment-and-still-going-strong-in-2025\/#primaryimage"},"image":{"@id":"https:\/\/personal-finance.bnpparibas\/en\/cetelem-foundation-33-years-of-commitment-and-still-going-strong-in-2025\/#primaryimage"},"thumbnailUrl":"https:\/\/personal-finance.bnpparibas\/app\/uploads\/sites\/4\/2025\/06\/banner_fondation-cetelem-2025.png","datePublished":"2025-06-25T05:00:00+00:00","dateModified":"2025-06-27T12:46:50+00:00","author":{"@id":"https:\/\/personal-finance.bnpparibas\/#\/schema\/person\/d8cae85c0f6ab0ec439bdc3f884bfeb9"},"description":"For 33 years, the Cetelem Foundation has placed solidarity at the heart of its actions. Discover the associations supported by the Cetelem Foundation in 2025.","breadcrumb":{"@id":"https:\/\/personal-finance.bnpparibas\/en\/cetelem-foundation-33-years-of-commitment-and-still-going-strong-in-2025\/#breadcrumb"},"inLanguage":"en-US","potentialAction":[{"@type":"ReadAction","target":["https:\/\/personal-finance.bnpparibas\/en\/cetelem-foundation-33-years-of-commitment-and-still-going-strong-in-2025\/"]}]},{"@type":"ImageObject","inLanguage":"en-US","@id":"https:\/\/personal-finance.bnpparibas\/en\/cetelem-foundation-33-years-of-commitment-and-still-going-strong-in-2025\/#primaryimage","url":"https:\/\/personal-finance.bnpparibas\/app\/uploads\/sites\/4\/2025\/06\/banner_fondation-cetelem-2025.png","contentUrl":"https:\/\/personal-finance.bnpparibas\/app\/uploads\/sites\/4\/2025\/06\/banner_fondation-cetelem-2025.png","width":1476,"height":716},{"@type":"BreadcrumbList","@id":"https:\/\/personal-finance.bnpparibas\/en\/cetelem-foundation-33-years-of-commitment-and-still-going-strong-in-2025\/#breadcrumb","itemListElement":[{"@type":"ListItem","position":1,"name":"Home","item":"https:\/\/personal-finance.bnpparibas\/en\/"},{"@type":"ListItem","position":2,"name":"Cetelem Foundation: 33 years of commitment and still going strong in 2025"}]},{"@type":"WebSite","@id":"https:\/\/personal-finance.bnpparibas\/#website","url":"https:\/\/personal-finance.bnpparibas\/","name":"Personal Finance","description":"BNP Paribas Personal Finance","potentialAction":[{"@type":"SearchAction","target":{"@type":"EntryPoint","urlTemplate":"https:\/\/personal-finance.bnpparibas\/?s={search_term_string}"},"query-input":{"@type":"PropertyValueSpecification","valueRequired":true,"valueName":"search_term_string"}}],"inLanguage":"en-US"},{"@type":"Person","@id":"https:\/\/personal-finance.bnpparibas\/#\/schema\/person\/d8cae85c0f6ab0ec439bdc3f884bfeb9","name":"samanthaquelha","image":{"@type":"ImageObject","inLanguage":"en-US","@id":"https:\/\/personal-finance.bnpparibas\/#\/schema\/person\/image\/","url":"https:\/\/secure.gravatar.com\/avatar\/ec670700c6a0903489d768495187c5c4?s=96&d=mm&r=g","contentUrl":"https:\/\/secure.gravatar.com\/avatar\/ec670700c6a0903489d768495187c5c4?s=96&d=mm&r=g","caption":"samanthaquelha"},"url":"https:\/\/personal-finance.bnpparibas\/en\/author\/samanthaquelha\/"}]}},"_links":{"self":[{"href":"https:\/\/personal-finance.bnpparibas\/en\/wp-json\/wp\/v2\/posts\/42815","targetHints":{"allow":["GET"]}}],"collection":[{"href":"https:\/\/personal-finance.bnpparibas\/en\/wp-json\/wp\/v2\/posts"}],"about":[{"href":"https:\/\/personal-finance.bnpparibas\/en\/wp-json\/wp\/v2\/types\/post"}],"author":[{"embeddable":true,"href":"https:\/\/personal-finance.bnpparibas\/en\/wp-json\/wp\/v2\/users\/1945"}],"replies":[{"embeddable":true,"href":"https:\/\/personal-finance.bnpparibas\/en\/wp-json\/wp\/v2\/comments?post=42815"}],"version-history":[{"count":5,"href":"https:\/\/personal-finance.bnpparibas\/en\/wp-json\/wp\/v2\/posts\/42815\/revisions"}],"predecessor-version":[{"id":42885,"href":"https:\/\/personal-finance.bnpparibas\/en\/wp-json\/wp\/v2\/posts\/42815\/revisions\/42885"}],"wp:featuredmedia":[{"embeddable":true,"href":"https:\/\/personal-finance.bnpparibas\/en\/wp-json\/wp\/v2\/media\/42806"}],"wp:attachment":[{"href":"https:\/\/personal-finance.bnpparibas\/en\/wp-json\/wp\/v2\/media?parent=42815"}],"wp:term":[{"taxonomy":"category","embeddable":true,"href":"https:\/\/personal-finance.bnpparibas\/en\/wp-json\/wp\/v2\/categories?post=42815"},{"taxonomy":"post_tag","embeddable":true,"href":"https:\/\/personal-finance.bnpparibas\/en\/wp-json\/wp\/v2\/tags?post=42815"}],"curies":[{"name":"wp","href":"https:\/\/api.w.org\/{rel}","templated":true}]}}